{"id":213,"date":"2020-08-19T23:19:06","date_gmt":"2020-08-19T23:19:06","guid":{"rendered":"http:\/\/modeloqa.formaciondual.sems.gob.mx\/exitos\/?p=213"},"modified":"2020-11-03T19:44:51","modified_gmt":"2020-11-03T19:44:51","slug":"subsistemas","status":"publish","type":"post","link":"http:\/\/modeloqa.formaciondual.sems.gob.mx\/exitos\/2020\/08\/19\/subsistemas\/","title":{"rendered":"Sistema de Educaci\u00f3n Dual"},"content":{"rendered":"\t\t<div data-elementor-type=\"wp-post\" data-elementor-id=\"213\" class=\"elementor elementor-213\" data-elementor-settings=\"[]\">\n\t\t\t<div class=\"elementor-inner\">\n\t\t\t\t<div class=\"elementor-section-wrap\">\n\t\t\t\t\t\t\t<section class=\"elementor-element elementor-element-27740c45 elementor-section-boxed elementor-section-height-default elementor-section-height-default elementor-section elementor-top-section\" data-id=\"27740c45\" data-element_type=\"section\">\n\t\t\t\t\t\t<div class=\"elementor-container elementor-column-gap-default\">\n\t\t\t\t<div class=\"elementor-row\">\n\t\t\t\t<div class=\"elementor-element elementor-element-6632d81d elementor-column elementor-col-100 elementor-top-column\" data-id=\"6632d81d\" data-element_type=\"column\">\n\t\t\t<div class=\"elementor-column-wrap  elementor-element-populated\">\n\t\t\t\t\t<div class=\"elementor-widget-wrap\">\n\t\t\t\t<div class=\"elementor-element elementor-element-575e8854 elementor-widget elementor-widget-text-editor\" data-id=\"575e8854\" data-element_type=\"widget\" data-widget_type=\"text-editor.default\">\n\t\t\t\t<div class=\"elementor-widget-container\">\n\t\t\t\t\t<div class=\"elementor-text-editor elementor-clearfix\"><p><!-- wp:heading {\"align\":\"center\"} --><\/p>\n<p><!-- \/wp:heading --><\/p>\n<p><!-- wp:paragraph --><\/p>\n<p style=\"text-align: justify;\">En el marco de la Nueva Escuela Mexicana, se ha desarrollado el Sistema de Educaci\u00f3n Dual de Media Superior, el cual tiene dentro de sus objetivos integrar de manera ordenada todas las opciones existentes que ofertan los diferentes subsistemas, en coordinaci\u00f3n con empresas, c\u00e1maras industriales, sindicatos, y organismos de cooperaci\u00f3n tanto nacionales como extranjeros.<\/p>\n<p style=\"text-align: left;\"><!-- \/wp:paragraph --><\/p>\n<p style=\"text-align: left;\"><!-- wp:paragraph --><\/p>\n<p style=\"text-align: left;\">De este modo se trabaja en el escalamiento de la educaci\u00f3n dual para beneficiar al mayor n\u00famero de estudiantes, escuelas y empresas. A continuaci\u00f3n se describen algunos de los millones de casos de \u00e9xito que se ha tenido al implementar dicho modelo de educaci\u00f3n.<\/p><figure class=\"wp-block-gallery columns-3 is-cropped\"><ul class=\"blocks-gallery-grid\"><li class=\"blocks-gallery-item\">\n<figure><br><\/figure>\n<\/li>\n<\/ul>\n<\/figure>\n<p><!-- \/wp:gallery --><\/p><\/div>\n\t\t\t\t<\/div>\n\t\t\t\t<\/div>\n\t\t\t\t\t\t<\/div>\n\t\t\t<\/div>\n\t\t<\/div>\n\t\t\t\t\t\t<\/div>\n\t\t\t<\/div>\n\t\t<\/section>\n\t\t\t\t<section class=\"elementor-element elementor-element-e50fc64 elementor-section-boxed elementor-section-height-default elementor-section-height-default elementor-section elementor-top-section\" data-id=\"e50fc64\" data-element_type=\"section\">\n\t\t\t\t\t\t<div class=\"elementor-container elementor-column-gap-default\">\n\t\t\t\t<div class=\"elementor-row\">\n\t\t\t\t<div class=\"elementor-element elementor-element-7fb6df0 elementor-column elementor-col-100 elementor-top-column\" data-id=\"7fb6df0\" data-element_type=\"column\">\n\t\t\t<div class=\"elementor-column-wrap  elementor-element-populated\">\n\t\t\t\t\t<div class=\"elementor-widget-wrap\">\n\t\t\t\t<div class=\"elementor-element elementor-element-7a99fd4 elementor-widget elementor-widget-image-gallery\" data-id=\"7a99fd4\" data-element_type=\"widget\" data-widget_type=\"image-gallery.default\">\n\t\t\t\t<div class=\"elementor-widget-container\">\n\t\t\t\t\t<div class=\"elementor-image-gallery\">\n\t\t\t<div id='gallery-1' class='gallery galleryid-213 gallery-columns-2 gallery-size-large'><figure class='gallery-item'>\n\t\t\t<div class='gallery-icon portrait'>\n\t\t\t\t<a data-elementor-open-lightbox=\"no\" href='http:\/\/modeloqa.formaciondual.sems.gob.mx\/exitos\/wp-content\/uploads\/2020\/08\/IMG-20191217-WA0003.jpg'><img width=\"640\" height=\"853\" src=\"http:\/\/modeloqa.formaciondual.sems.gob.mx\/exitos\/wp-content\/uploads\/2020\/08\/IMG-20191217-WA0003-768x1024.jpg\" class=\"attachment-large size-large\" alt=\"\" loading=\"lazy\" srcset=\"http:\/\/modeloqa.formaciondual.sems.gob.mx\/exitos\/wp-content\/uploads\/2020\/08\/IMG-20191217-WA0003-768x1024.jpg 768w, http:\/\/modeloqa.formaciondual.sems.gob.mx\/exitos\/wp-content\/uploads\/2020\/08\/IMG-20191217-WA0003-225x300.jpg 225w, http:\/\/modeloqa.formaciondual.sems.gob.mx\/exitos\/wp-content\/uploads\/2020\/08\/IMG-20191217-WA0003.jpg 864w\" sizes=\"(max-width: 640px) 100vw, 640px\" \/><\/a>\n\t\t\t<\/div><\/figure><figure class='gallery-item'>\n\t\t\t<div class='gallery-icon portrait'>\n\t\t\t\t<a data-elementor-open-lightbox=\"no no\" href='http:\/\/modeloqa.formaciondual.sems.gob.mx\/exitos\/wp-content\/uploads\/2020\/08\/moy4.jpeg'><img width=\"640\" height=\"853\" src=\"http:\/\/modeloqa.formaciondual.sems.gob.mx\/exitos\/wp-content\/uploads\/2020\/08\/moy4.jpeg\" class=\"attachment-large size-large\" alt=\"\" loading=\"lazy\" srcset=\"http:\/\/modeloqa.formaciondual.sems.gob.mx\/exitos\/wp-content\/uploads\/2020\/08\/moy4.jpeg 768w, http:\/\/modeloqa.formaciondual.sems.gob.mx\/exitos\/wp-content\/uploads\/2020\/08\/moy4-225x300.jpeg 225w\" sizes=\"(max-width: 640px) 100vw, 640px\" \/><\/a>\n\t\t\t<\/div><\/figure>\n\t\t<\/div>\n\t\t<\/div>\n\t\t\t\t<\/div>\n\t\t\t\t<\/div>\n\t\t\t\t\t\t<\/div>\n\t\t\t<\/div>\n\t\t<\/div>\n\t\t\t\t\t\t<\/div>\n\t\t\t<\/div>\n\t\t<\/section>\n\t\t\t\t\t\t<\/div>\n\t\t\t<\/div>\n\t\t<\/div>\n\t\t","protected":false},"excerpt":{"rendered":"<p>En el marco de la Nueva Escuela Mexicana, se ha desarrollado el Sistema de Educaci\u00f3n Dual de Media Superior, el cual tiene dentro de sus objetivos integrar de manera ordenada todas las opciones existentes que ofertan los diferentes subsistemas, en coordinaci\u00f3n con empresas, c\u00e1maras industriales, sindicatos, y organismos de cooperaci\u00f3n tanto nacionales como extranjeros. De&#8230;<\/p>\n","protected":false},"author":1,"featured_media":0,"comment_status":"closed","ping_status":"closed","sticky":true,"template":"","format":"standard","meta":[],"categories":[1],"tags":[],"_links":{"self":[{"href":"http:\/\/modeloqa.formaciondual.sems.gob.mx\/exitos\/wp-json\/wp\/v2\/posts\/213"}],"collection":[{"href":"http:\/\/modeloqa.formaciondual.sems.gob.mx\/exitos\/wp-json\/wp\/v2\/posts"}],"about":[{"href":"http:\/\/modeloqa.formaciondual.sems.gob.mx\/exitos\/wp-json\/wp\/v2\/types\/post"}],"author":[{"embeddable":true,"href":"http:\/\/modeloqa.formaciondual.sems.gob.mx\/exitos\/wp-json\/wp\/v2\/users\/1"}],"replies":[{"embeddable":true,"href":"http:\/\/modeloqa.formaciondual.sems.gob.mx\/exitos\/wp-json\/wp\/v2\/comments?post=213"}],"version-history":[{"count":24,"href":"http:\/\/modeloqa.formaciondual.sems.gob.mx\/exitos\/wp-json\/wp\/v2\/posts\/213\/revisions"}],"predecessor-version":[{"id":1685,"href":"http:\/\/modeloqa.formaciondual.sems.gob.mx\/exitos\/wp-json\/wp\/v2\/posts\/213\/revisions\/1685"}],"wp:attachment":[{"href":"http:\/\/modeloqa.formaciondual.sems.gob.mx\/exitos\/wp-json\/wp\/v2\/media?parent=213"}],"wp:term":[{"taxonomy":"category","embeddable":true,"href":"http:\/\/modeloqa.formaciondual.sems.gob.mx\/exitos\/wp-json\/wp\/v2\/categories?post=213"},{"taxonomy":"post_tag","embeddable":true,"href":"http:\/\/modeloqa.formaciondual.sems.gob.mx\/exitos\/wp-json\/wp\/v2\/tags?post=213"}],"curies":[{"name":"wp","href":"https:\/\/api.w.org\/{rel}","templated":true}]}}