{"id":1872,"date":"2020-11-04T05:01:13","date_gmt":"2020-11-04T05:01:13","guid":{"rendered":"http:\/\/modeloqa.formaciondual.sems.gob.mx\/exitos\/?p=1872"},"modified":"2020-11-04T21:48:09","modified_gmt":"2020-11-04T21:48:09","slug":"mas-de-mil-200-estudiantes-egresan-del-modelo-dual-en-el-estado-de-mexico","status":"publish","type":"post","link":"http:\/\/modeloqa.formaciondual.sems.gob.mx\/exitos\/2020\/11\/04\/mas-de-mil-200-estudiantes-egresan-del-modelo-dual-en-el-estado-de-mexico\/","title":{"rendered":"M\u00e1s de mil 200 estudiantes egresan del Modelo Dual en el Estado de M\u00e9xico"},"content":{"rendered":"\t\t<div data-elementor-type=\"wp-post\" data-elementor-id=\"1872\" class=\"elementor elementor-1872\" data-elementor-settings=\"[]\">\n\t\t\t<div class=\"elementor-inner\">\n\t\t\t\t<div class=\"elementor-section-wrap\">\n\t\t\t\t\t\t\t<section class=\"elementor-element elementor-element-ad69daf elementor-section-boxed elementor-section-height-default elementor-section-height-default elementor-section elementor-top-section\" data-id=\"ad69daf\" data-element_type=\"section\">\n\t\t\t\t\t\t<div class=\"elementor-container elementor-column-gap-default\">\n\t\t\t\t<div class=\"elementor-row\">\n\t\t\t\t<div class=\"elementor-element elementor-element-55b9ab1e elementor-column elementor-col-100 elementor-top-column\" data-id=\"55b9ab1e\" data-element_type=\"column\">\n\t\t\t<div class=\"elementor-column-wrap  elementor-element-populated\">\n\t\t\t\t\t<div class=\"elementor-widget-wrap\">\n\t\t\t\t<div class=\"elementor-element elementor-element-3df3fbb2 elementor-widget elementor-widget-text-editor\" data-id=\"3df3fbb2\" data-element_type=\"widget\" data-widget_type=\"text-editor.default\">\n\t\t\t\t<div class=\"elementor-widget-container\">\n\t\t\t\t\t<div class=\"elementor-text-editor elementor-clearfix\"><!-- wp:paragraph -->\n<p>400 empresas de la entidad colaboran con la educaci\u00f3n de los j\u00f3venes.<\/p>\n<!-- \/wp:paragraph --><!-- wp:paragraph -->\n<p>Entre aplausos m\u00e1s de mil 200 estudiantes del CONALEP Estado de M\u00e9xico, fueron reconocidos mediante una emotiva ceremonia de graduaci\u00f3n por el t\u00e9rmino de sus estudios exitosamente, bajo el Modelo de Formaci\u00f3n Dual.<\/p>\n<!-- \/wp:paragraph --><!-- wp:paragraph -->\n<p>El Director General del CONALEP nacional, Dr. Enrique Ku Herrera, reconoci\u00f3 el esfuerzo permanente del Colegio Estatal por impulsar la educaci\u00f3n innovadora en los j\u00f3venes y la vinculaci\u00f3n empresarial, que sin duda ha apuntalado a la instituci\u00f3n como uno de los mejores subsistemas de educaci\u00f3n media superior de todo el pa\u00eds.<\/p>\n<!-- \/wp:paragraph --><!-- wp:paragraph -->\n<p>Asegur\u00f3 que se trabaja por estar a la altura de las exigencias actuales y que el compromiso es continuar creando profesionales t\u00e9cnicos de excelencia para que sean agentes de cambio para la trasformaci\u00f3n de M\u00e9xico.<\/p>\n<!-- \/wp:paragraph --><!-- wp:paragraph -->\n<p>Por otro lado, el Subsecretario de Educaci\u00f3n Superior y Normal, y Coordinador de Educaci\u00f3n Dual, Dr. Francisco Jos\u00e9 Plata Olvera, en representaci\u00f3n del Gobernador Constitucional del Estado de M\u00e9xico, Lic. Alfredo del Mazo Maza, destac\u00f3 que esta modalidad ha sido un \u00e9xito en la entidad, pues ha acercado a los estudiantes a los empleos formales lo que se traduce en una juventud m\u00e1s pr\u00f3spera.<\/p>\n<!-- \/wp:paragraph --><!-- wp:paragraph -->\n<p>A su vez, el Mtro. Enrique Mendoza Vel\u00e1zquez, Director del Colegio Estatal, reconoci\u00f3 el compromiso de madres y padres de familia, de empresarios, directivos y docentes, pues han acompa\u00f1ado paso a paso el trayecto de los j\u00f3venes que con su dedicaci\u00f3n hoy logran alcanzar una gran meta.<\/p>\n<!-- \/wp:paragraph --><!-- wp:paragraph -->\n<p>Asimismo, mencion\u00f3 que en total han sido m\u00e1s de 6 mil alumnos los egresados bajo este esquema, colocando al CONALEP Estado de M\u00e9xico como una de las primeras opciones educativas de los aspirantes a bachillerato.<\/p>\n<!-- \/wp:paragraph --><!-- wp:paragraph -->\n<p>Por su parte, Gabriela Ram\u00edrez L\u00f3pez, alumna egresada, en representaci\u00f3n de sus compa\u00f1eros graduados, agradeci\u00f3 la oportunidad de tener un acercamiento real a las empresas y expres\u00f3 que la experiencia ha sido inigualable, ya que ahora enfrentar\u00e1n el mundo real con mejores armas.<\/p>\n<!-- \/wp:paragraph --><!-- wp:paragraph -->\n<p>PAFD<\/p>\n<!-- \/wp:paragraph --><!-- wp:image {\"id\":1877,\"sizeSlug\":\"large\"} -->\n<figure class=\"wp-block-image size-large\"><img loading=\"lazy\" width=\"908\" height=\"519\" class=\"wp-image-1877\" src=\"http:\/\/modeloqa.formaciondual.sems.gob.mx\/exitos\/wp-content\/uploads\/2020\/11\/32.png\" alt=\"\" srcset=\"http:\/\/modeloqa.formaciondual.sems.gob.mx\/exitos\/wp-content\/uploads\/2020\/11\/32.png 908w, http:\/\/modeloqa.formaciondual.sems.gob.mx\/exitos\/wp-content\/uploads\/2020\/11\/32-300x171.png 300w, http:\/\/modeloqa.formaciondual.sems.gob.mx\/exitos\/wp-content\/uploads\/2020\/11\/32-768x439.png 768w\" sizes=\"(max-width: 908px) 100vw, 908px\" \/><\/figure>\n<!-- \/wp:image --><!-- wp:image {\"id\":1878,\"sizeSlug\":\"large\"} -->\n<figure class=\"wp-block-image size-large is-style-default\"><\/figure>\n<!-- \/wp:image --><\/div>\n\t\t\t\t<\/div>\n\t\t\t\t<\/div>\n\t\t\t\t\t\t<\/div>\n\t\t\t<\/div>\n\t\t<\/div>\n\t\t\t\t\t\t<\/div>\n\t\t\t<\/div>\n\t\t<\/section>\n\t\t\t\t<section class=\"elementor-element elementor-element-022623c elementor-section-boxed elementor-section-height-default elementor-section-height-default elementor-section elementor-top-section\" data-id=\"022623c\" data-element_type=\"section\">\n\t\t\t\t\t\t<div class=\"elementor-container elementor-column-gap-default\">\n\t\t\t\t<div class=\"elementor-row\">\n\t\t\t\t<div class=\"elementor-element elementor-element-330907f elementor-column elementor-col-100 elementor-top-column\" data-id=\"330907f\" data-element_type=\"column\">\n\t\t\t<div class=\"elementor-column-wrap  elementor-element-populated\">\n\t\t\t\t\t<div class=\"elementor-widget-wrap\">\n\t\t\t\t<div class=\"elementor-element elementor-element-50aae0f elementor-widget elementor-widget-read-more\" data-id=\"50aae0f\" data-element_type=\"widget\" data-widget_type=\"read-more.default\">\n\t\t\t\t<div class=\"elementor-widget-container\">\n\t\t\t<\/div><\/div><\/div><\/div><\/div><\/div><\/div><\/section><\/div><\/div><\/div> <a href=\"http:\/\/modeloqa.formaciondual.sems.gob.mx\/exitos\/2020\/11\/04\/mas-de-mil-200-estudiantes-egresan-del-modelo-dual-en-el-estado-de-mexico\/#more-1872\" class=\"more-link elementor-more-link\"><span aria-label=\"Continue reading M\u00e1s de mil 200 estudiantes egresan del Modelo Dual en el Estado de M\u00e9xico\">Continue reading<\/span><\/a>","protected":false},"excerpt":{"rendered":"<p>400 empresas de la entidad colaboran con la educaci\u00f3n de los j\u00f3venes. Entre aplausos m\u00e1s de mil 200 estudiantes del CONALEP Estado de M\u00e9xico, fueron reconocidos mediante una emotiva ceremonia de graduaci\u00f3n por el t\u00e9rmino de sus estudios exitosamente, bajo el Modelo de Formaci\u00f3n Dual. El Director General del CONALEP nacional, Dr. Enrique Ku Herrera,&#8230;<\/p>\n","protected":false},"author":1,"featured_media":0,"comment_status":"closed","ping_status":"open","sticky":false,"template":"","format":"standard","meta":[],"categories":[1],"tags":[],"_links":{"self":[{"href":"http:\/\/modeloqa.formaciondual.sems.gob.mx\/exitos\/wp-json\/wp\/v2\/posts\/1872"}],"collection":[{"href":"http:\/\/modeloqa.formaciondual.sems.gob.mx\/exitos\/wp-json\/wp\/v2\/posts"}],"about":[{"href":"http:\/\/modeloqa.formaciondual.sems.gob.mx\/exitos\/wp-json\/wp\/v2\/types\/post"}],"author":[{"embeddable":true,"href":"http:\/\/modeloqa.formaciondual.sems.gob.mx\/exitos\/wp-json\/wp\/v2\/users\/1"}],"replies":[{"embeddable":true,"href":"http:\/\/modeloqa.formaciondual.sems.gob.mx\/exitos\/wp-json\/wp\/v2\/comments?post=1872"}],"version-history":[{"count":6,"href":"http:\/\/modeloqa.formaciondual.sems.gob.mx\/exitos\/wp-json\/wp\/v2\/posts\/1872\/revisions"}],"predecessor-version":[{"id":1977,"href":"http:\/\/modeloqa.formaciondual.sems.gob.mx\/exitos\/wp-json\/wp\/v2\/posts\/1872\/revisions\/1977"}],"wp:attachment":[{"href":"http:\/\/modeloqa.formaciondual.sems.gob.mx\/exitos\/wp-json\/wp\/v2\/media?parent=1872"}],"wp:term":[{"taxonomy":"category","embeddable":true,"href":"http:\/\/modeloqa.formaciondual.sems.gob.mx\/exitos\/wp-json\/wp\/v2\/categories?post=1872"},{"taxonomy":"post_tag","embeddable":true,"href":"http:\/\/modeloqa.formaciondual.sems.gob.mx\/exitos\/wp-json\/wp\/v2\/tags?post=1872"}],"curies":[{"name":"wp","href":"https:\/\/api.w.org\/{rel}","templated":true}]}}