{"id":1743,"date":"2020-11-03T20:32:30","date_gmt":"2020-11-03T20:32:30","guid":{"rendered":"http:\/\/modeloqa.formaciondual.sems.gob.mx\/exitos\/?p=1743"},"modified":"2020-11-04T03:51:36","modified_gmt":"2020-11-04T03:51:36","slug":"boletin-no-287-contribuye-tecnm-con-el-desarrollo-cientifico-tecnologico-y-de-innovacion-del-pais","status":"publish","type":"post","link":"http:\/\/modeloqa.formaciondual.sems.gob.mx\/exitos\/2020\/11\/03\/boletin-no-287-contribuye-tecnm-con-el-desarrollo-cientifico-tecnologico-y-de-innovacion-del-pais\/","title":{"rendered":"Nestl\u00e9 M\u00e9xico impulsa a la segunda generaci\u00f3n de j\u00f3venes graduados del modelo educativo de Formaci\u00f3n Dual"},"content":{"rendered":"\n<p>En los \u00faltimos tres a\u00f1os, 120 j\u00f3venes han sido parte<br>de este modelo que a su vez es parte de \u201cIniciativa por los J\u00f3venes\u201d.<\/p>\n\n\n\n<figure class=\"wp-block-image size-large\"><img loading=\"lazy\" width=\"1024\" height=\"576\" src=\"http:\/\/modeloqa.formaciondual.sems.gob.mx\/exitos\/wp-content\/uploads\/2020\/11\/21-1024x576.jpg\" alt=\"\" class=\"wp-image-1856\" srcset=\"http:\/\/modeloqa.formaciondual.sems.gob.mx\/exitos\/wp-content\/uploads\/2020\/11\/21-1024x576.jpg 1024w, http:\/\/modeloqa.formaciondual.sems.gob.mx\/exitos\/wp-content\/uploads\/2020\/11\/21-300x169.jpg 300w, http:\/\/modeloqa.formaciondual.sems.gob.mx\/exitos\/wp-content\/uploads\/2020\/11\/21-768x432.jpg 768w, http:\/\/modeloqa.formaciondual.sems.gob.mx\/exitos\/wp-content\/uploads\/2020\/11\/21.jpg 1440w\" sizes=\"(max-width: 1024px) 100vw, 1024px\" \/><\/figure>\n\n\n\n<p>CDMX,<\/p>\n\n\n\n<p>Nestl\u00e9 M\u00e9xico celebr\u00f3 la ceremonia de graduaci\u00f3n de 29 j\u00f3venes pertenecientes a la segunda generaci\u00f3n del modelo de Formaci\u00f3n Dual, implementado por la compa\u00f1\u00eda en conjunto con CONALEP y CECYTEM, colegios de educaci\u00f3n t\u00e9cnica. Lo anterior como parte de Iniciativa por los J\u00f3venes, programa global de Nestl\u00e9 enfocado en contribuir a la preparaci\u00f3n y capacitaci\u00f3n de las nuevas generaciones.<\/p>\n\n\n\n<p>Los j\u00f3venes pertenecientes a esta generaci\u00f3n tuvieron la oportunidad de alternar sus estudios y obtener experiencia laboral en distintas \u00e1reas de Nestl\u00e9 M\u00e9xico, como T\u00e9cnica y Manufactura, Ventas y Supply Chain en diferentes f\u00e1bricas, centros de distribuci\u00f3n y oficinas de la compa\u00f1\u00eda suiza. Electromec\u00e1nica, Mecatr\u00f3nica y Administraci\u00f3n son las principales carreras cursadas por los j\u00f3venes de esta generaci\u00f3n.<\/p>\n\n\n\n<figure class=\"wp-block-image size-large\"><img loading=\"lazy\" width=\"1024\" height=\"576\" src=\"http:\/\/modeloqa.formaciondual.sems.gob.mx\/exitos\/wp-content\/uploads\/2020\/11\/22-1024x576.jpg\" alt=\"\" class=\"wp-image-1857\" srcset=\"http:\/\/modeloqa.formaciondual.sems.gob.mx\/exitos\/wp-content\/uploads\/2020\/11\/22-1024x576.jpg 1024w, http:\/\/modeloqa.formaciondual.sems.gob.mx\/exitos\/wp-content\/uploads\/2020\/11\/22-300x169.jpg 300w, http:\/\/modeloqa.formaciondual.sems.gob.mx\/exitos\/wp-content\/uploads\/2020\/11\/22-768x432.jpg 768w, http:\/\/modeloqa.formaciondual.sems.gob.mx\/exitos\/wp-content\/uploads\/2020\/11\/22.jpg 1440w\" sizes=\"(max-width: 1024px) 100vw, 1024px\" \/><\/figure>\n\n\n\n<p>La ceremonia de graduaci\u00f3n de la segunda generaci\u00f3n de j\u00f3venes de Formaci\u00f3n Dual se realiz\u00f3 en Ciudad de M\u00e9xico ante la presencia de ejecutivos de Nestl\u00e9 M\u00e9xico: Fausto Costa, Presidente Ejecutivo; Nora Villafuerte, Vicepresidenta de Recursos Humanos; Alberto Modiano, Vicepresidente de Cadena de Suministro; Marco Guimaraes, Vicepresidente de T\u00e9cnica y Manufactura; Eduardo Garc\u00eda, Vicepresidente de Ventas. As\u00ed como de Jos\u00e9 Ad\u00e1n Ignacio Rub\u00ed Salazar, Director General de CECYTEM y David Fernando Beciez Gonz\u00e1lez, Secretario Acad\u00e9mico de CONALEP.<\/p>\n\n\n\n<figure class=\"wp-block-image size-large\"><img loading=\"lazy\" width=\"1024\" height=\"576\" src=\"http:\/\/modeloqa.formaciondual.sems.gob.mx\/exitos\/wp-content\/uploads\/2020\/11\/23-1024x576.jpg\" alt=\"\" class=\"wp-image-1858\" srcset=\"http:\/\/modeloqa.formaciondual.sems.gob.mx\/exitos\/wp-content\/uploads\/2020\/11\/23-1024x576.jpg 1024w, http:\/\/modeloqa.formaciondual.sems.gob.mx\/exitos\/wp-content\/uploads\/2020\/11\/23-300x169.jpg 300w, http:\/\/modeloqa.formaciondual.sems.gob.mx\/exitos\/wp-content\/uploads\/2020\/11\/23-768x432.jpg 768w, http:\/\/modeloqa.formaciondual.sems.gob.mx\/exitos\/wp-content\/uploads\/2020\/11\/23.jpg 1440w\" sizes=\"(max-width: 1024px) 100vw, 1024px\" \/><\/figure>\n\n\n\n<p>El modelo educativo de Formaci\u00f3n Dual, implementado por Nestl\u00e9 en 2016, permite a los j\u00f3venes combinar sus estudios, pero con la mayor parte de su tiempo invertido en capacitaci\u00f3n t\u00e9cnica en centros de trabajo de la empresa, como son sus f\u00e1bricas, centros de distribuci\u00f3n y oficinas.<\/p>\n\n\n\n<p>Cabe destacar que, desde 2015, Nestl\u00e9 ha mostrado un profundo inter\u00e9s en los j\u00f3venes y en ofrecerles herramientas que mejoren su situaci\u00f3n laboral mediante Iniciativa por los J\u00f3venes, programa con el que ha beneficiado a m\u00e1s de 480,000 j\u00f3venes en M\u00e9xico.<\/p>\n","protected":false},"excerpt":{"rendered":"<p>En los \u00faltimos tres a\u00f1os, 120 j\u00f3venes han sido partede este modelo que a su vez es parte de \u201cIniciativa por los J\u00f3venes\u201d. CDMX, Nestl\u00e9 M\u00e9xico celebr\u00f3 la ceremonia de graduaci\u00f3n de 29 j\u00f3venes pertenecientes a la segunda generaci\u00f3n del modelo de Formaci\u00f3n Dual, implementado por la compa\u00f1\u00eda en conjunto con CONALEP y CECYTEM, colegios&#8230;<\/p>\n","protected":false},"author":1,"featured_media":0,"comment_status":"closed","ping_status":"open","sticky":false,"template":"","format":"standard","meta":[],"categories":[1],"tags":[],"_links":{"self":[{"href":"http:\/\/modeloqa.formaciondual.sems.gob.mx\/exitos\/wp-json\/wp\/v2\/posts\/1743"}],"collection":[{"href":"http:\/\/modeloqa.formaciondual.sems.gob.mx\/exitos\/wp-json\/wp\/v2\/posts"}],"about":[{"href":"http:\/\/modeloqa.formaciondual.sems.gob.mx\/exitos\/wp-json\/wp\/v2\/types\/post"}],"author":[{"embeddable":true,"href":"http:\/\/modeloqa.formaciondual.sems.gob.mx\/exitos\/wp-json\/wp\/v2\/users\/1"}],"replies":[{"embeddable":true,"href":"http:\/\/modeloqa.formaciondual.sems.gob.mx\/exitos\/wp-json\/wp\/v2\/comments?post=1743"}],"version-history":[{"count":2,"href":"http:\/\/modeloqa.formaciondual.sems.gob.mx\/exitos\/wp-json\/wp\/v2\/posts\/1743\/revisions"}],"predecessor-version":[{"id":1859,"href":"http:\/\/modeloqa.formaciondual.sems.gob.mx\/exitos\/wp-json\/wp\/v2\/posts\/1743\/revisions\/1859"}],"wp:attachment":[{"href":"http:\/\/modeloqa.formaciondual.sems.gob.mx\/exitos\/wp-json\/wp\/v2\/media?parent=1743"}],"wp:term":[{"taxonomy":"category","embeddable":true,"href":"http:\/\/modeloqa.formaciondual.sems.gob.mx\/exitos\/wp-json\/wp\/v2\/categories?post=1743"},{"taxonomy":"post_tag","embeddable":true,"href":"http:\/\/modeloqa.formaciondual.sems.gob.mx\/exitos\/wp-json\/wp\/v2\/tags?post=1743"}],"curies":[{"name":"wp","href":"https:\/\/api.w.org\/{rel}","templated":true}]}}