{"id":1734,"date":"2020-11-03T20:27:37","date_gmt":"2020-11-03T20:27:37","guid":{"rendered":"http:\/\/modeloqa.formaciondual.sems.gob.mx\/exitos\/?p=1734"},"modified":"2020-11-03T20:27:38","modified_gmt":"2020-11-03T20:27:38","slug":"proceso-actores-desafios-y-prospectivas-en-la-formacion-dual-presentacion-de-los-8-paises-de-america-latina-y-alemania","status":"publish","type":"post","link":"http:\/\/modeloqa.formaciondual.sems.gob.mx\/exitos\/2020\/11\/03\/proceso-actores-desafios-y-prospectivas-en-la-formacion-dual-presentacion-de-los-8-paises-de-america-latina-y-alemania\/","title":{"rendered":"Proceso, actores, desaf\u00edos y prospectivas en la Formaci\u00f3n Dual, presentaci\u00f3n de los 8 pa\u00edses de Am\u00e9rica Latina y Alemania"},"content":{"rendered":"\n<p>El CONALEP conjunt\u00f3 la participaci\u00f3n de Alemania y 7 pa\u00edses m\u00e1s de Am\u00e9rica Latina, este 28 de octubre de 2020 y a trav\u00e9s de una mesa de inducci\u00f3n, para que cada uno presentara su experiencia en la Formaci\u00f3n Dual: c\u00f3mo y en qu\u00e9 contexto llevan a cabo el proceso, qui\u00e9nes intervienen, sus principales logros, desaf\u00edos y prospectivas.<\/p>\n\n\n\n<p>En este evento, efectuado a la distancia, se cont\u00f3 con la participaci\u00f3n de representantes expertos en este rubro por parte de Alemania, Brasil, Costa Rica, Chile, El Salvador, Paraguay, Per\u00fa y M\u00e9xico. El Mtro. Rolando de Jes\u00fas L\u00f3pez Salda\u00f1a, Secretario General y la Dra. Sylvia Ortega Salazar, Encargada de Proyectos Estrat\u00e9gicos del CONALEP fueron los encargados de exponer los motivos, la ruta y la mec\u00e1nica de trabajo hacia el Consejo Consultor de Formaci\u00f3n Dual para Am\u00e9rica Latina 2020-2021. Asimismo, Gustavo Alonso Cabrera Rodr\u00edguez, Director General de Cooperaci\u00f3n T\u00e9cnica y Cient\u00edfica de la Agencia Mexicana de Cooperaci\u00f3n Internacional para el Desarrollo (AMEXCID) hizo llegar un saludo a los participantes por parte del Secretario de Relaciones Exteriores de nuestro pa\u00eds.<\/p>\n\n\n\n<p>Los asistentes coincidieron en que esta iniciativa del CONALEP de efectuar futuras mesas de di\u00e1logo, coadyuvar\u00e1 a establecer las bases para identificar los diferentes niveles de implementaci\u00f3n de la Formaci\u00f3n Dual, identificar problemas y desaf\u00edos comunes y, sobre todo, impulsar de manera conjunta y articulada una nueva etapa de esta modalidad educativa en Am\u00e9rica Latina.<\/p>\n\n\n\n<p>Por \u00faltimo, la Dra. Ortega y los participantes resaltaron la importancia de conformar una alianza para cerrar la brecha en materia de Formaci\u00f3n Dual y acercarse m\u00e1s a atender las necesidades del sector productivo, considerando los cambios tecnol\u00f3gicos y la nueva normalidad mundial, a favor de promover un mejor desarrollo y m\u00e1s oportunidades para los j\u00f3venes de Am\u00e9rica Latina, por lo cual se continuar\u00e1n con los trabajos conjuntos para el pr\u00f3ximo 17 de noviembre de 2020.<\/p>\n","protected":false},"excerpt":{"rendered":"<p>El CONALEP conjunt\u00f3 la participaci\u00f3n de Alemania y 7 pa\u00edses m\u00e1s de Am\u00e9rica Latina, este 28 de octubre de 2020 y a trav\u00e9s de una mesa de inducci\u00f3n, para que cada uno presentara su experiencia en la Formaci\u00f3n Dual: c\u00f3mo y en qu\u00e9 contexto llevan a cabo el proceso, qui\u00e9nes intervienen, sus principales logros, desaf\u00edos&#8230;<\/p>\n","protected":false},"author":1,"featured_media":1740,"comment_status":"closed","ping_status":"open","sticky":false,"template":"","format":"standard","meta":[],"categories":[1],"tags":[],"_links":{"self":[{"href":"http:\/\/modeloqa.formaciondual.sems.gob.mx\/exitos\/wp-json\/wp\/v2\/posts\/1734"}],"collection":[{"href":"http:\/\/modeloqa.formaciondual.sems.gob.mx\/exitos\/wp-json\/wp\/v2\/posts"}],"about":[{"href":"http:\/\/modeloqa.formaciondual.sems.gob.mx\/exitos\/wp-json\/wp\/v2\/types\/post"}],"author":[{"embeddable":true,"href":"http:\/\/modeloqa.formaciondual.sems.gob.mx\/exitos\/wp-json\/wp\/v2\/users\/1"}],"replies":[{"embeddable":true,"href":"http:\/\/modeloqa.formaciondual.sems.gob.mx\/exitos\/wp-json\/wp\/v2\/comments?post=1734"}],"version-history":[{"count":2,"href":"http:\/\/modeloqa.formaciondual.sems.gob.mx\/exitos\/wp-json\/wp\/v2\/posts\/1734\/revisions"}],"predecessor-version":[{"id":1808,"href":"http:\/\/modeloqa.formaciondual.sems.gob.mx\/exitos\/wp-json\/wp\/v2\/posts\/1734\/revisions\/1808"}],"wp:featuredmedia":[{"embeddable":true,"href":"http:\/\/modeloqa.formaciondual.sems.gob.mx\/exitos\/wp-json\/wp\/v2\/media\/1740"}],"wp:attachment":[{"href":"http:\/\/modeloqa.formaciondual.sems.gob.mx\/exitos\/wp-json\/wp\/v2\/media?parent=1734"}],"wp:term":[{"taxonomy":"category","embeddable":true,"href":"http:\/\/modeloqa.formaciondual.sems.gob.mx\/exitos\/wp-json\/wp\/v2\/categories?post=1734"},{"taxonomy":"post_tag","embeddable":true,"href":"http:\/\/modeloqa.formaciondual.sems.gob.mx\/exitos\/wp-json\/wp\/v2\/tags?post=1734"}],"curies":[{"name":"wp","href":"https:\/\/api.w.org\/{rel}","templated":true}]}}